[{"@context":"https:\/\/schema.org\/","@type":"Article","@id":"https:\/\/www.adzp.cz\/uz-me-to-nebavi-v-praze-stehuji-se-do-chorvatska\/#Article","mainEntityOfPage":"https:\/\/www.adzp.cz\/uz-me-to-nebavi-v-praze-stehuji-se-do-chorvatska\/","headline":"U\u017e m\u011b to nebav\u00ed v Praze, st\u011bhuji se do Chorvatska","name":"U\u017e m\u011b to nebav\u00ed v Praze, st\u011bhuji se do Chorvatska","description":"Tak\u00e9 bydl\u00edte v Praze, milujete jej\u00ed kr\u00e1sy, zejm\u00e9na p\u0159\u00edrodn\u00ed parky a r\u016fzn\u00e1 tajemn\u00e1 z\u00e1kout\u00ed \u010di architektonick\u00e9 skvosty, ale m\u00e1te u\u017e dost tamn\u00edho prost\u0159ed\u00ed zejm\u00e9na, co se t\u00fd\u010de mezilidsk\u00fdch vztah\u016f a v\u00fdvoje po\u010das\u00ed? Co se t\u00fd\u010de vztah\u016f mezi lidmi, to by bylo t\u00e9ma na n\u011bkolik s\u00e1hodlouh\u00fdch vypr\u00e1v\u011bn\u00ed, n\u011bkdy s velmi smutn\u00fdm koncem &#8211; t\u00edm se dnes zab\u00fdvat nebudeme, mo\u017en\u00e1 snad n\u011bkdy p\u0159\u00ed\u0161t\u011b,&#8230;ono bohat\u011b posta\u010d\u00ed, zm\u00edn\u00edme-li se pouze o v\u00fdkyvech a anom\u00e1li\u00edch v po\u010das\u00ed m\u00edrn\u00e9ho st\u0159edoevropsk\u00e9ho p\u00e1sma. Na\u0161e zem\u011b se nach\u00e1z\u00ed v oblasti, kde se st\u0159\u00eddaj\u00ed \u010dty\u0159i ro\u010dn\u00ed obdob\u00ed. To v\u00ed i mal\u00e9 d\u011bti, ale podstatn\u00e9 je, \u017ee je na\u0161e krajina vystavena velmi dlouh\u00fdm zim\u00e1m a obecn\u011b chladn\u00e9mu po\u010das\u00ed. Je zn\u00e1mo, \u017ee optim\u00e1ln\u00ed teplota pro lidsk\u00fd organismus, aby se c\u00edtil skute\u010dn\u011b p\u0159\u00edjemn\u011b, a nemusel vynakl\u00e1dat \u00fasil\u00ed na ochlazov\u00e1n\u00ed poko\u017eky pocen\u00edm nebo naopak na zah\u0159\u00edv\u00e1n\u00ed vhodn\u00fdm pohybem \u010di dal\u0161\u00ed vrstvou oble\u010den\u00ed, je 23 a\u017e 24 stup\u0148\u016f Celsia. A v na\u0161\u00ed zemi se s takovou teplotou ovzdu\u0161\u00ed setk\u00e1te jen n\u011bkolik dn\u016f v roce, v\u011bt\u0161inou v m\u011bs\u00edci kv\u011btnu, na za\u010d\u00e1tku \u010dervna, a na za\u010d\u00e1tku z\u00e1\u0159\u00ed. Od poloviny z\u00e1\u0159\u00ed u\u017e je venku pom\u011brn\u011b chladno a tepl\u00e9 jaro p\u0159ich\u00e1z\u00ed a\u017e zhruba po patn\u00e1ct\u00e9m kv\u011btnu, tedy m\u00e1me tu pouh\u00e9 \u010dty\u0159i m\u011bs\u00edce tepla v roce, a to je opravdu m\u00e1lo. Velmi pozitivn\u00ed vliv hraje i bosonoh\u00e1 ch\u016fze v p\u0159\u00edrod\u011b, u n\u00e1s si ji m\u016f\u017eete dop\u0159\u00e1t v podstat\u011b jen v l\u00e9t\u011b, od \u010dervna do srpna, p\u0159itom ch\u016fze naboso je velmi d\u016fle\u017eit\u00e1 pro spr\u00e1vn\u00e9 dr\u017een\u00ed t\u011bla, a tak\u00e9 pro du\u0161evn\u00ed uvoln\u011bn\u00ed, relaxaci, a pro spr\u00e1vn\u00e9 fungov\u00e1n\u00ed vnit\u0159n\u00edch org\u00e1n\u016f, a t\u00e9\u017e pro lymfatick\u00fd a imunitn\u00ed syst\u00e9m. Nem\u016f\u017eete se proto divit, \u017ee je takov\u00fd z\u00e1jem o nemovitosti na prodej v Chorvatsku. Tam jsou zimy naopak velmi kr\u00e1tk\u00e9 a m\u00edrn\u00e9, a jaro, l\u00e9to a podzim tam maj\u00ed zcela odli\u0161n\u00fd r\u00e1z. A naboso se tu m\u016f\u017eete promen\u00e1dovat na mo\u0159sk\u00e9m pob\u0159e\u017e\u00ed t\u0159eba i v lednu, proto\u017ee studen\u00e1 voda na p\u00edse\u010dn\u00e9m povrchu je pro chodidla sp\u00ed\u0161e balz\u00e1m, ne\u017e na obt\u00ed\u017e. 4.6\/5 - (8 votes)","datePublished":"2024-02-26","dateModified":"2024-03-26","author":{"@type":"Person","@id":"https:\/\/www.adzp.cz\/author\/devene\/#Person","name":"devene","url":"https:\/\/www.adzp.cz\/author\/devene\/","identifier":1,"image":{"@type":"ImageObject","@id":"https:\/\/secure.gravatar.com\/avatar\/d61351daa6b4b113e92ed2d39ca84063b8a3419e3b611b82557c5b9e6ade1cef?s=96&d=mm&r=g","url":"https:\/\/secure.gravatar.com\/avatar\/d61351daa6b4b113e92ed2d39ca84063b8a3419e3b611b82557c5b9e6ade1cef?s=96&d=mm&r=g","height":96,"width":96}},"publisher":{"@type":"Organization","name":"adzp.cz","logo":{"@type":"ImageObject","@id":"\/logo.png","url":"\/logo.png","width":600,"height":60}},"image":{"@type":"ImageObject","@id":"https:\/\/www.adzp.cz\/wp-content\/uploads\/split-3712767_640_1.jpg","url":"https:\/\/www.adzp.cz\/wp-content\/uploads\/split-3712767_640_1.jpg","height":0,"width":0},"url":"https:\/\/www.adzp.cz\/uz-me-to-nebavi-v-praze-stehuji-se-do-chorvatska\/","about":["Podnik\u00e1n\u00ed"],"wordCount":436,"articleBody":"   Tak\u00e9 bydl\u00edte v Praze, milujete jej\u00ed kr\u00e1sy, zejm\u00e9na p\u0159\u00edrodn\u00ed parky a r\u016fzn\u00e1 tajemn\u00e1 z\u00e1kout\u00ed \u010di architektonick\u00e9 skvosty, ale m\u00e1te u\u017e dost tamn\u00edho prost\u0159ed\u00ed zejm\u00e9na, co se t\u00fd\u010de mezilidsk\u00fdch vztah\u016f a v\u00fdvoje po\u010das\u00ed? Co se t\u00fd\u010de vztah\u016f mezi lidmi, to by bylo t\u00e9ma na n\u011bkolik s\u00e1hodlouh\u00fdch vypr\u00e1v\u011bn\u00ed, n\u011bkdy s velmi smutn\u00fdm koncem &#8211; t\u00edm se dnes zab\u00fdvat nebudeme, mo\u017en\u00e1 snad n\u011bkdy p\u0159\u00ed\u0161t\u011b,&#8230;ono bohat\u011b posta\u010d\u00ed, zm\u00edn\u00edme-li se pouze o v\u00fdkyvech a anom\u00e1li\u00edch v po\u010das\u00ed m\u00edrn\u00e9ho st\u0159edoevropsk\u00e9ho p\u00e1sma.Na\u0161e zem\u011b se nach\u00e1z\u00ed v oblasti, kde se st\u0159\u00eddaj\u00ed \u010dty\u0159i ro\u010dn\u00ed obdob\u00ed. To v\u00ed i mal\u00e9 d\u011bti, ale podstatn\u00e9 je, \u017ee je na\u0161e krajina vystavena velmi dlouh\u00fdm zim\u00e1m a obecn\u011b chladn\u00e9mu po\u010das\u00ed. Je zn\u00e1mo, \u017ee optim\u00e1ln\u00ed teplota pro lidsk\u00fd organismus, aby se c\u00edtil skute\u010dn\u011b p\u0159\u00edjemn\u011b, a nemusel vynakl\u00e1dat \u00fasil\u00ed na ochlazov\u00e1n\u00ed poko\u017eky pocen\u00edm nebo naopak na zah\u0159\u00edv\u00e1n\u00ed vhodn\u00fdm pohybem \u010di dal\u0161\u00ed vrstvou oble\u010den\u00ed, je 23 a\u017e 24 stup\u0148\u016f Celsia. A v na\u0161\u00ed zemi se s takovou teplotou ovzdu\u0161\u00ed setk\u00e1te jen n\u011bkolik dn\u016f v roce, v\u011bt\u0161inou v m\u011bs\u00edci kv\u011btnu, na za\u010d\u00e1tku \u010dervna, a na za\u010d\u00e1tku z\u00e1\u0159\u00ed. Od poloviny z\u00e1\u0159\u00ed u\u017e je venku pom\u011brn\u011b chladno a tepl\u00e9 jaro p\u0159ich\u00e1z\u00ed a\u017e zhruba po patn\u00e1ct\u00e9m kv\u011btnu, tedy m\u00e1me tu pouh\u00e9 \u010dty\u0159i m\u011bs\u00edce tepla v roce, a to je opravdu m\u00e1lo.Velmi pozitivn\u00ed vliv hraje i bosonoh\u00e1 ch\u016fze v p\u0159\u00edrod\u011b, u n\u00e1s si ji m\u016f\u017eete dop\u0159\u00e1t v podstat\u011b jen v l\u00e9t\u011b, od \u010dervna do srpna, p\u0159itom ch\u016fze naboso je velmi d\u016fle\u017eit\u00e1 pro spr\u00e1vn\u00e9 dr\u017een\u00ed t\u011bla, a tak\u00e9 pro du\u0161evn\u00ed uvoln\u011bn\u00ed, relaxaci, a pro spr\u00e1vn\u00e9 fungov\u00e1n\u00ed vnit\u0159n\u00edch org\u00e1n\u016f, a t\u00e9\u017e pro lymfatick\u00fd a imunitn\u00ed syst\u00e9m.Nem\u016f\u017eete se proto divit, \u017ee je takov\u00fd z\u00e1jem o nemovitosti na prodej v Chorvatsku. Tam jsou zimy naopak velmi kr\u00e1tk\u00e9 a m\u00edrn\u00e9, a jaro, l\u00e9to a podzim tam maj\u00ed zcela odli\u0161n\u00fd r\u00e1z. A naboso se tu m\u016f\u017eete promen\u00e1dovat na mo\u0159sk\u00e9m pob\u0159e\u017e\u00ed t\u0159eba i v lednu, proto\u017ee studen\u00e1 voda na p\u00edse\u010dn\u00e9m povrchu je pro chodidla sp\u00ed\u0161e balz\u00e1m, ne\u017e na obt\u00ed\u017e.                                                                                                                                                                                                                                                                                                                                                                                          4.6\/5 - (8 votes)        "},{"@context":"https:\/\/schema.org\/","@type":"BreadcrumbList","itemListElement":[{"@type":"ListItem","position":1,"name":"U\u017e m\u011b to nebav\u00ed v Praze, st\u011bhuji se do Chorvatska","item":"https:\/\/www.adzp.cz\/uz-me-to-nebavi-v-praze-stehuji-se-do-chorvatska\/#breadcrumbitem"}]}]