[{"@context":"https:\/\/schema.org\/","@type":"Article","@id":"https:\/\/www.adzp.cz\/proc-neni-globalni-oteplovani-ten-spravny-termin\/#Article","mainEntityOfPage":"https:\/\/www.adzp.cz\/proc-neni-globalni-oteplovani-ten-spravny-termin\/","headline":"Pro\u010d nen\u00ed glob\u00e1ln\u00ed oteplov\u00e1n\u00ed ten spr\u00e1vn\u00fd term\u00edn","name":"Pro\u010d nen\u00ed glob\u00e1ln\u00ed oteplov\u00e1n\u00ed ten spr\u00e1vn\u00fd term\u00edn","description":"O tom, \u017ee se klima na na\u0161\u00ed planet\u011b otepluje, a \u017ee \u010dlov\u011bk tento proces velkou m\u011brou urychluje, nen\u00ed pochyb. Pro tento proces se mezi laickou ve\u0159ejnost\u00ed v\u017eil term\u00edn glob\u00e1ln\u00ed oteplov\u00e1n\u00ed. Ten v\u0161ak rozhodn\u011b nevystihuje situaci, a \u010dasto vede k\u00a0myln\u00fdm p\u0159edstav\u00e1m.\u00a0Je pravou, \u017ee kdy\u017e n\u011bkdo tato slova vyslov\u00ed, v\u011bt\u0161ina lid\u00ed si p\u0159edstav\u00ed, \u017ee teplota na na\u0161\u00ed planet\u011b bude r\u016fst. Kdy\u017e pak nastane neoby\u010dejn\u011b tuh\u00e1 zima, je to pro n\u011b v\u00a0podstat\u011b d\u016fkaz, \u017ee glob\u00e1ln\u00ed oteplov\u00e1n\u00ed neexistuje, p\u0159esto\u017ee se t\u00edm prokazuje opak. \u00a0 \u00a0 I to je d\u016fvod, pro\u010d se v\u011bdci sna\u017e\u00ed tento proces naz\u00fdvat glob\u00e1ln\u00edmi zm\u011bnami klimatu. Tento term\u00edn toti\u017e d\u016fsledky tohoto procesu vystihuje daleko l\u00e9pe. Zvy\u0161ov\u00e1n\u00ed pr\u016fm\u011brn\u00e9 teploty m\u00e1 toti\u017e i jin\u00e9 d\u016fsledky, ne\u017e \u017ee jen bude tepleji.\u00a0T\u00edm nejd\u016fle\u017eit\u011bj\u0161\u00edm je zm\u011bna vzdu\u0161n\u00fdch i oce\u00e1nsk\u00fdch proud\u016f a s\u00a0t\u00edm spojen\u00fd \u010dast\u011bj\u0161\u00ed v\u00fdskyt extr\u00e9mn\u00edch jev\u016f po\u010das\u00ed. To jsme koneckonc\u016f zaznamenali i v\u00a0na\u0161\u00ed zemi s\u00a0m\u00edrn\u00fdm klimatem, kdy se zv\u00fd\u0161il po\u010det torn\u00e1d, z\u00e1plav a dal\u0161\u00edch ne\u0161t\u011bst\u00ed. \u00a0 \u00a0 Velmi podstatnou zm\u011bnou je tak\u00e9 rozlo\u017een\u00ed sr\u00e1\u017eek v\u00a0pr\u016fb\u011bhu roku. Zat\u00edmco doposud padaly relativn\u011b rovnom\u011brn\u011b, nyn\u00ed se koncentruj\u00ed sp\u00ed\u0161e v\u00a0zimn\u00edm obdob\u00ed. V\u00a0l\u00e9t\u011b jich je pak minimum, a pokud spadnou, pak ve form\u011b prudk\u00e9ho bleskov\u00e9ho de\u0161t\u011b, kdy se voda nesta\u010d\u00ed vs\u00e1knout do zem\u011b a m\u00edst toho ste\u010de do kanalizace \u010di vodn\u00edho toku. Jak\u00e9 d\u016fsledky to m\u00e1 pro zem\u011bd\u011blce si lze velmi snadno p\u0159edstavit. \u00a0 S\u00a0t\u00edmto letn\u00edm suchem je spojeno i roz\u0161i\u0159ov\u00e1n\u00ed pou\u0161tn\u00edch oblast\u00ed. D\u00e1v\u00e1 to smysl, nebo\u0165 rostliny pot\u0159ebuj\u00ed k\u00a0\u017eivotu vodu. A pokud prakticky v\u0161echna napad\u00e1 v\u00a0dob\u011b vegeta\u010dn\u00edho klidu, kdy ji nevyu\u017eij\u00ed, je jasn\u00e9, \u017ee nemohou p\u0159e\u017e\u00edt.\u00a0Je tedy jasn\u00e9, \u017ee je nutn\u00e9 se sna\u017eit tento proces alespo\u0148 zpomalit. To v\u0161ak nen\u00ed jednoduch\u00e9. Opravdu \u00fa\u010dinn\u00e1 prevence by znamenala zaveden\u00ed mnoha nepopul\u00e1rn\u00edch opat\u0159en\u00ed, a to si \u017e\u00e1dn\u00e1 vl\u00e1da nedovol\u00ed. Zd\u00e1 se tedy, \u017ee v\u00a0dne\u0161n\u00ed dob\u011b jsme ji\u017e prakticky bez \u0161ance. 4.2\/5 - (6 votes)","datePublished":"2023-02-25","dateModified":"2023-04-25","author":{"@type":"Person","@id":"https:\/\/www.adzp.cz\/author\/devene\/#Person","name":"devene","url":"https:\/\/www.adzp.cz\/author\/devene\/","identifier":1,"image":{"@type":"ImageObject","@id":"https:\/\/secure.gravatar.com\/avatar\/d61351daa6b4b113e92ed2d39ca84063b8a3419e3b611b82557c5b9e6ade1cef?s=96&d=mm&r=g","url":"https:\/\/secure.gravatar.com\/avatar\/d61351daa6b4b113e92ed2d39ca84063b8a3419e3b611b82557c5b9e6ade1cef?s=96&d=mm&r=g","height":96,"width":96}},"publisher":{"@type":"Organization","name":"adzp.cz","logo":{"@type":"ImageObject","@id":"\/logo.png","url":"\/logo.png","width":600,"height":60}},"image":{"@type":"ImageObject","@id":"https:\/\/www.adzp.cz\/wp-content\/uploads\/globotep3_2.jpg","url":"https:\/\/www.adzp.cz\/wp-content\/uploads\/globotep3_2.jpg","height":0,"width":0},"url":"https:\/\/www.adzp.cz\/proc-neni-globalni-oteplovani-ten-spravny-termin\/","about":["V\u011bda"],"wordCount":405,"articleBody":"O tom, \u017ee se klima na na\u0161\u00ed planet\u011b otepluje, a \u017ee \u010dlov\u011bk tento proces velkou m\u011brou urychluje, nen\u00ed pochyb. Pro tento proces se mezi laickou ve\u0159ejnost\u00ed v\u017eil term\u00edn glob\u00e1ln\u00ed oteplov\u00e1n\u00ed. Ten v\u0161ak rozhodn\u011b nevystihuje situaci, a \u010dasto vede k\u00a0myln\u00fdm p\u0159edstav\u00e1m.\u00a0Je pravou, \u017ee kdy\u017e n\u011bkdo tato slova vyslov\u00ed, v\u011bt\u0161ina lid\u00ed si p\u0159edstav\u00ed, \u017ee teplota na na\u0161\u00ed planet\u011b bude r\u016fst. Kdy\u017e pak nastane neoby\u010dejn\u011b tuh\u00e1 zima, je to pro n\u011b v\u00a0podstat\u011b d\u016fkaz, \u017ee glob\u00e1ln\u00ed oteplov\u00e1n\u00ed neexistuje, p\u0159esto\u017ee se t\u00edm prokazuje opak.\u00a0\u00a0I to je d\u016fvod, pro\u010d se v\u011bdci sna\u017e\u00ed tento proces naz\u00fdvat glob\u00e1ln\u00edmi zm\u011bnami klimatu. Tento term\u00edn toti\u017e d\u016fsledky tohoto procesu vystihuje daleko l\u00e9pe. Zvy\u0161ov\u00e1n\u00ed pr\u016fm\u011brn\u00e9 teploty m\u00e1 toti\u017e i jin\u00e9 d\u016fsledky, ne\u017e \u017ee jen bude tepleji.\u00a0T\u00edm nejd\u016fle\u017eit\u011bj\u0161\u00edm je zm\u011bna vzdu\u0161n\u00fdch i oce\u00e1nsk\u00fdch proud\u016f a s\u00a0t\u00edm spojen\u00fd \u010dast\u011bj\u0161\u00ed v\u00fdskyt extr\u00e9mn\u00edch jev\u016f po\u010das\u00ed. To jsme koneckonc\u016f zaznamenali i v\u00a0na\u0161\u00ed zemi s\u00a0m\u00edrn\u00fdm klimatem, kdy se zv\u00fd\u0161il po\u010det torn\u00e1d, z\u00e1plav a dal\u0161\u00edch ne\u0161t\u011bst\u00ed.\u00a0\u00a0Velmi podstatnou zm\u011bnou je tak\u00e9 rozlo\u017een\u00ed sr\u00e1\u017eek v\u00a0pr\u016fb\u011bhu roku. Zat\u00edmco doposud padaly relativn\u011b rovnom\u011brn\u011b, nyn\u00ed se koncentruj\u00ed sp\u00ed\u0161e v\u00a0zimn\u00edm obdob\u00ed. V\u00a0l\u00e9t\u011b jich je pak minimum, a pokud spadnou, pak ve form\u011b prudk\u00e9ho bleskov\u00e9ho de\u0161t\u011b, kdy se voda nesta\u010d\u00ed vs\u00e1knout do zem\u011b a m\u00edst toho ste\u010de do kanalizace \u010di vodn\u00edho toku. Jak\u00e9 d\u016fsledky to m\u00e1 pro zem\u011bd\u011blce si lze velmi snadno p\u0159edstavit.\u00a0S\u00a0t\u00edmto letn\u00edm suchem je spojeno i roz\u0161i\u0159ov\u00e1n\u00ed pou\u0161tn\u00edch oblast\u00ed. D\u00e1v\u00e1 to smysl, nebo\u0165 rostliny pot\u0159ebuj\u00ed k\u00a0\u017eivotu vodu. A pokud prakticky v\u0161echna napad\u00e1 v\u00a0dob\u011b vegeta\u010dn\u00edho klidu, kdy ji nevyu\u017eij\u00ed, je jasn\u00e9, \u017ee nemohou p\u0159e\u017e\u00edt.\u00a0Je tedy jasn\u00e9, \u017ee je nutn\u00e9 se sna\u017eit tento proces alespo\u0148 zpomalit. To v\u0161ak nen\u00ed jednoduch\u00e9. Opravdu \u00fa\u010dinn\u00e1 prevence by znamenala zaveden\u00ed mnoha nepopul\u00e1rn\u00edch opat\u0159en\u00ed, a to si \u017e\u00e1dn\u00e1 vl\u00e1da nedovol\u00ed. Zd\u00e1 se tedy, \u017ee v\u00a0dne\u0161n\u00ed dob\u011b jsme ji\u017e prakticky bez \u0161ance.                                                                                                                                                                                                                                                                                                                                                                                        4.2\/5 - (6 votes)        "},{"@context":"https:\/\/schema.org\/","@type":"BreadcrumbList","itemListElement":[{"@type":"ListItem","position":1,"name":"Pro\u010d nen\u00ed glob\u00e1ln\u00ed oteplov\u00e1n\u00ed ten spr\u00e1vn\u00fd term\u00edn","item":"https:\/\/www.adzp.cz\/proc-neni-globalni-oteplovani-ten-spravny-termin\/#breadcrumbitem"}]}]