[{"@context":"https:\/\/schema.org\/","@type":"Article","@id":"https:\/\/www.adzp.cz\/neplatte-zbytecne-moc\/#Article","mainEntityOfPage":"https:\/\/www.adzp.cz\/neplatte-zbytecne-moc\/","headline":"Nepla\u0165te zbyte\u010dn\u011b moc","name":"Nepla\u0165te zbyte\u010dn\u011b moc","description":"Od n\u00e1v\u0161t\u011bvy hlavn\u00edho m\u011bsta v\u00e1s odrazuje p\u0159edev\u0161\u00edm cena za p\u0159esp\u00e1n\u00ed? Ani se nediv\u00edme\u2026 v\u011bt\u0161ina poskytovatel\u016f t\u011bchto slu\u017eeb skute\u010dn\u011b nab\u00edz\u00ed neskute\u010dn\u011b vysok\u00e9 ceny za osobu a noc. N\u00e9 v\u0161ak my. My v\u00e1m naopak nab\u00edz\u00edme levn\u00e9 ubytov\u00e1n\u00ed Praha! Nejni\u017e\u0161\u00ed ceny a sp\u00e1nek bl\u00edzko centra, komfortn\u00ed pro studenty, rodiny s d\u011btmi, d\u016fchodce i turisty. Pod\u00edvejte se, jak\u00e9 ceny v\u00e1m nab\u00edz\u00edme a zjist\u00edte, \u017ee ji\u017e za 99,- K\u010d na osobu a noc m\u016f\u017eete p\u0159espat v na\u0161ich objektech. U\u017eijte si hlavn\u00ed m\u011bsto U\u017eijte si na\u0161e kr\u00e1sn\u00e9 hlavn\u00ed m\u011bsto se v\u0161emi jeho pam\u00e1tkami, s kulturn\u00edmi mo\u017enostmi vy\u017eit\u00ed a se v\u0161\u00edm, co nab\u00edz\u00ed. U\u017eijte si na\u0161e kr\u00e1sn\u00e9 hlavn\u00ed m\u011bsto d\u00edky levn\u00e9 ubytov\u00e1n\u00ed Praha. Jsme si jisti, \u017ee a\u017e p\u0159\u00ed\u0161t\u011b budete sh\u00e1n\u011bt nocleh pro sebe nebo pro sv\u00e9 bl\u00edzk\u00e9, p\u016fjdete ji\u017e najisto k n\u00e1m. Dostatek objekt\u016f, dostatek voln\u00fdch byt\u016f pro va\u0161e pohodl\u00ed v hlavn\u00edm m\u011bst\u011b.","datePublished":"2025-09-03","dateModified":"2025-09-03","author":{"@type":"Person","@id":"https:\/\/www.adzp.cz\/author\/devene\/#Person","name":"devene","url":"https:\/\/www.adzp.cz\/author\/devene\/","identifier":1,"image":{"@type":"ImageObject","@id":"https:\/\/secure.gravatar.com\/avatar\/d61351daa6b4b113e92ed2d39ca84063b8a3419e3b611b82557c5b9e6ade1cef?s=96&d=mm&r=g","url":"https:\/\/secure.gravatar.com\/avatar\/d61351daa6b4b113e92ed2d39ca84063b8a3419e3b611b82557c5b9e6ade1cef?s=96&d=mm&r=g","height":96,"width":96}},"publisher":{"@type":"Organization","name":"adzp.cz","logo":{"@type":"ImageObject","@id":"\/logo.png","url":"\/logo.png","width":600,"height":60}},"url":"https:\/\/www.adzp.cz\/neplatte-zbytecne-moc\/","wordCount":201,"articleBody":"Od n\u00e1v\u0161t\u011bvy hlavn\u00edho m\u011bsta v\u00e1s odrazuje p\u0159edev\u0161\u00edm cena za p\u0159esp\u00e1n\u00ed? Ani se nediv\u00edme\u2026 v\u011bt\u0161ina poskytovatel\u016f t\u011bchto slu\u017eeb skute\u010dn\u011b nab\u00edz\u00ed neskute\u010dn\u011b vysok\u00e9 ceny za osobu a noc. N\u00e9 v\u0161ak my. My v\u00e1m naopak nab\u00edz\u00edme levn\u00e9 ubytov\u00e1n\u00ed Praha! Nejni\u017e\u0161\u00ed ceny a sp\u00e1nek bl\u00edzko centra, komfortn\u00ed pro studenty, rodiny s d\u011btmi, d\u016fchodce i turisty. Pod\u00edvejte se, jak\u00e9 ceny v\u00e1m nab\u00edz\u00edme a zjist\u00edte, \u017ee ji\u017e za 99,- K\u010d na osobu a noc m\u016f\u017eete p\u0159espat v na\u0161ich objektech. U\u017eijte si hlavn\u00ed m\u011bsto U\u017eijte si na\u0161e kr\u00e1sn\u00e9 hlavn\u00ed m\u011bsto se v\u0161emi jeho pam\u00e1tkami, s kulturn\u00edmi mo\u017enostmi vy\u017eit\u00ed a se v\u0161\u00edm, co nab\u00edz\u00ed. U\u017eijte si na\u0161e kr\u00e1sn\u00e9 hlavn\u00ed m\u011bsto d\u00edky levn\u00e9 ubytov\u00e1n\u00ed Praha. Jsme si jisti, \u017ee a\u017e p\u0159\u00ed\u0161t\u011b budete sh\u00e1n\u011bt nocleh pro sebe nebo pro sv\u00e9 bl\u00edzk\u00e9, p\u016fjdete ji\u017e najisto k n\u00e1m. Dostatek objekt\u016f, dostatek voln\u00fdch byt\u016f pro va\u0161e pohodl\u00ed v hlavn\u00edm m\u011bst\u011b.                                                                                                                                                                                                                                                                                                                                                                                                "},{"@context":"https:\/\/schema.org\/","@type":"BreadcrumbList","itemListElement":[{"@type":"ListItem","position":1,"name":"Nepla\u0165te zbyte\u010dn\u011b moc","item":"https:\/\/www.adzp.cz\/neplatte-zbytecne-moc\/#breadcrumbitem"}]}]