[{"@context":"https:\/\/schema.org\/","@type":"Article","@id":"https:\/\/www.adzp.cz\/moje-dite\/#Article","mainEntityOfPage":"https:\/\/www.adzp.cz\/moje-dite\/","headline":"Moje d\u00edt\u011b","name":"Moje d\u00edt\u011b","description":"V\u00edme, \u017ee na\u0161e d\u011bti jsou na\u0161e budoucnost. A j\u00e1 m\u00e1m za to, \u017ee moje d\u011bti jsou m\u016fj poklad. Abych pravdu \u0159ekla, tak j\u00e1 sama bez d\u011bt\u00ed bych u\u017e nemohla existovat. Sv\u00e9 d\u011bti jsem si p\u0159\u00e1la. A abych se v\u00e1m p\u0159iznala, tak jsem d\u011bti cht\u011bla u\u017e ve sv\u00fdch osmn\u00e1cti letech. V\u016fbec nev\u00edm pro\u010d, ale od mali\u010dka jsem m\u011bla velice r\u00e1da d\u011bti a u\u017e v patn\u00e1cti letech jsem si \u0159\u00edkala, \u017ee bych cht\u011bla m\u00edt d\u011bti opravdu brzo, a to klidn\u011b i v t\u011bch osmn\u00e1cti letech. Jen\u017ee j\u00e1 jsem se s t\u00edm tehdy v sedmn\u00e1cti letech sv\u011b\u0159ila sv\u00e9 mamince, kter\u00e1 mi to rozmluvila. A ono vlastn\u011b ani nebylo pak u\u017e co rozmlouvat. J\u00e1 jsem nem\u011bla \u017e\u00e1dn\u00e9ho p\u0159\u00edtele a kdy\u017e jsem se jednou zm\u00ednila p\u0159ed kamar\u00e1dy, tak se mi sm\u00e1li. Mo\u017en\u00e1 proto m\u011b asi potom necht\u011bl ani \u017e\u00e1dn\u00fd p\u0159\u00edtel, tak\u017ee jsem si \u0159ekla, \u017ee tomu zat\u00edm nech\u00e1m voln\u00fd pr\u016fb\u011bh. D\u011bti stejn\u011b nikdo tak brzy\u00a0necht\u011bl. Potom jsem na\u0161la asi ve sv\u00fdch dvaceti dvou letech kone\u010dn\u011b p\u0159\u00edtele, se kter\u00fdm jsme byla velmi\u00a0\u0161\u0165astn\u00e1. Ale po \u010dase to tak\u00e9 nebylo v\u016fbec r\u016f\u017eov\u00e9. Tou\u017eila jsem opravdu hodn\u011b po d\u011btech, ale \u017e\u00e1dn\u00fd z m\u00fdch partner\u016f necht\u011bl d\u011bti tak brzy. Nakonec se mi po\u0161t\u011bstilo, kdy jsem na\u0161la jsi p\u0159\u00edtele v m\u00e9 pr\u00e1ci. Pracovala jsem jako vedouc\u00ed obchodu, kde jsem si na\u0161la p\u0159\u00edtele a mus\u00edm uznat, \u017ee jsem ud\u011blala dob\u0159e. Proto\u017ee i on cht\u011bl m\u00edt velice brzy d\u011bti. M\u011b bylo necel\u00fdch t\u0159icet let, kdy\u017e jsem ot\u011bhotn\u011bla. A j\u00e1 v\u00edm, \u017ee si \u0159\u00edk\u00e1te, \u017ee to pozd\u011b. Ano je to velice pozd\u011b. V t\u00e9 dob\u011b u\u017e bych klidn\u011b mohla m\u00edt desetilet\u00e9 d\u00edt\u011b. Jenom\u017ee\u00a0nikdo p\u0159edem necht\u011bl m\u00edt v\u016fbec \u017e\u00e1dn\u00e9 d\u011bti, tak\u017ee jsem si \u0159ekla, \u017ee si rad\u011bji po\u010dk\u00e1m na toho prav\u00e9ho, kdo bude cht\u00edt m\u00edt d\u011bti ne\u017e m\u00edt d\u011bti s n\u011bk\u00fdm, kter\u00fd je v\u016fbec nechce.\u00a0Dokonce\u00a0potom\u00a0i moje maminka mi \u0159ekla, \u017ee v\u017edy cht\u011bla\u00a0m\u00edt\u00a0d\u011bti velmi brzy, ale tak\u00e9 nemohla naj\u00edt \u017e\u00e1dn\u00e9ho mu\u017ee, kter\u00fd by cht\u011bl d\u011bti tak brzy. Nakonec m\u011bla prvn\u00ed d\u00edt\u011b ve dvaceti t\u0159\u00ed letech. A kdy\u017e jsem se ptala potom sv\u00e9 sestry, tak ta mi \u0159ekla, \u017ee d\u011bti zase cht\u011bla pozd\u011bji kv\u016fli studiu. 4.4\/5 - (7 votes)","datePublished":"2022-11-17","dateModified":"2023-04-25","author":{"@type":"Person","@id":"https:\/\/www.adzp.cz\/author\/devene\/#Person","name":"devene","url":"https:\/\/www.adzp.cz\/author\/devene\/","identifier":1,"image":{"@type":"ImageObject","@id":"https:\/\/secure.gravatar.com\/avatar\/d61351daa6b4b113e92ed2d39ca84063b8a3419e3b611b82557c5b9e6ade1cef?s=96&d=mm&r=g","url":"https:\/\/secure.gravatar.com\/avatar\/d61351daa6b4b113e92ed2d39ca84063b8a3419e3b611b82557c5b9e6ade1cef?s=96&d=mm&r=g","height":96,"width":96}},"publisher":{"@type":"Organization","name":"adzp.cz","logo":{"@type":"ImageObject","@id":"\/logo.png","url":"\/logo.png","width":600,"height":60}},"image":{"@type":"ImageObject","@id":"https:\/\/www.adzp.cz\/wp-content\/uploads\/baby-1151351_960_720.jpg","url":"https:\/\/www.adzp.cz\/wp-content\/uploads\/baby-1151351_960_720.jpg","height":0,"width":0},"url":"https:\/\/www.adzp.cz\/moje-dite\/","about":["D\u011bti"],"wordCount":465,"articleBody":"V\u00edme, \u017ee na\u0161e d\u011bti jsou na\u0161e budoucnost. A j\u00e1 m\u00e1m za to, \u017ee moje d\u011bti jsou m\u016fj poklad. Abych pravdu \u0159ekla, tak j\u00e1 sama bez d\u011bt\u00ed bych u\u017e nemohla existovat. Sv\u00e9 d\u011bti jsem si p\u0159\u00e1la. A abych se v\u00e1m p\u0159iznala, tak jsem d\u011bti cht\u011bla u\u017e ve sv\u00fdch osmn\u00e1cti letech. V\u016fbec nev\u00edm pro\u010d, ale od mali\u010dka jsem m\u011bla velice r\u00e1da d\u011bti a u\u017e v patn\u00e1cti letech jsem si \u0159\u00edkala, \u017ee bych cht\u011bla m\u00edt d\u011bti opravdu brzo, a to klidn\u011b i v t\u011bch osmn\u00e1cti letech. Jen\u017ee j\u00e1 jsem se s t\u00edm tehdy v sedmn\u00e1cti letech sv\u011b\u0159ila sv\u00e9 mamince, kter\u00e1 mi to rozmluvila. A ono vlastn\u011b ani nebylo pak u\u017e co rozmlouvat.J\u00e1 jsem nem\u011bla \u017e\u00e1dn\u00e9ho p\u0159\u00edtele a kdy\u017e jsem se jednou zm\u00ednila p\u0159ed kamar\u00e1dy, tak se mi sm\u00e1li. Mo\u017en\u00e1 proto m\u011b asi potom necht\u011bl ani \u017e\u00e1dn\u00fd p\u0159\u00edtel, tak\u017ee jsem si \u0159ekla, \u017ee tomu zat\u00edm nech\u00e1m voln\u00fd pr\u016fb\u011bh. D\u011bti stejn\u011b nikdo tak brzy\u00a0necht\u011bl. Potom jsem na\u0161la asi ve sv\u00fdch dvaceti dvou letech kone\u010dn\u011b p\u0159\u00edtele, se kter\u00fdm jsme byla velmi\u00a0\u0161\u0165astn\u00e1. Ale po \u010dase to tak\u00e9 nebylo v\u016fbec r\u016f\u017eov\u00e9. Tou\u017eila jsem opravdu hodn\u011b po d\u011btech, ale \u017e\u00e1dn\u00fd z m\u00fdch partner\u016f necht\u011bl d\u011bti tak brzy. Nakonec se mi po\u0161t\u011bstilo, kdy jsem na\u0161la jsi p\u0159\u00edtele v m\u00e9 pr\u00e1ci. Pracovala jsem jako vedouc\u00ed obchodu, kde jsem si na\u0161la p\u0159\u00edtele a mus\u00edm uznat, \u017ee jsem ud\u011blala dob\u0159e. Proto\u017ee i on cht\u011bl m\u00edt velice brzy d\u011bti. M\u011b bylo necel\u00fdch t\u0159icet let, kdy\u017e jsem ot\u011bhotn\u011bla. A j\u00e1 v\u00edm, \u017ee si \u0159\u00edk\u00e1te, \u017ee to pozd\u011b. Ano je to velice pozd\u011b. V t\u00e9 dob\u011b u\u017e bych klidn\u011b mohla m\u00edt desetilet\u00e9 d\u00edt\u011b. Jenom\u017ee\u00a0nikdo p\u0159edem necht\u011bl m\u00edt v\u016fbec \u017e\u00e1dn\u00e9 d\u011bti, tak\u017ee jsem si \u0159ekla, \u017ee si rad\u011bji po\u010dk\u00e1m na toho prav\u00e9ho, kdo bude cht\u00edt m\u00edt d\u011bti ne\u017e m\u00edt d\u011bti s n\u011bk\u00fdm, kter\u00fd je v\u016fbec nechce.\u00a0Dokonce\u00a0potom\u00a0i moje maminka mi \u0159ekla, \u017ee v\u017edy cht\u011bla\u00a0m\u00edt\u00a0d\u011bti velmi brzy, ale tak\u00e9 nemohla naj\u00edt \u017e\u00e1dn\u00e9ho mu\u017ee, kter\u00fd by cht\u011bl d\u011bti tak brzy. Nakonec m\u011bla prvn\u00ed d\u00edt\u011b ve dvaceti t\u0159\u00ed letech. A kdy\u017e jsem se ptala potom sv\u00e9 sestry, tak ta mi \u0159ekla, \u017ee d\u011bti zase cht\u011bla pozd\u011bji kv\u016fli studiu.                                                                                                                                                                                                                                                                                                                                                                                        4.4\/5 - (7 votes)        "},{"@context":"https:\/\/schema.org\/","@type":"BreadcrumbList","itemListElement":[{"@type":"ListItem","position":1,"name":"Moje d\u00edt\u011b","item":"https:\/\/www.adzp.cz\/moje-dite\/#breadcrumbitem"}]}]