[{"@context":"https:\/\/schema.org\/","@type":"Article","@id":"https:\/\/www.adzp.cz\/laska-a-clovek\/#Article","mainEntityOfPage":"https:\/\/www.adzp.cz\/laska-a-clovek\/","headline":"L\u00e1ska a \u010dlov\u011bk","name":"L\u00e1ska a \u010dlov\u011bk","description":"Mysl\u00edm si, \u017ee l\u00e1ska prov\u00e1z\u00ed opravdu ka\u017ed\u00e9ho \u010dlov\u011bka. Kdyby to v\u0161echno z\u00e1le\u017eelo jenom na m\u011b, tak j\u00e1 bych m\u011bla opravdu r\u00e1da v\u0161echny lidi kolem sebe. Proto\u017ee jsem stra\u0161n\u011b flegmatick\u00e1 a jsem hodn\u011b m\u00edrumilovn\u00fd \u010dlov\u011bk a tak\u00e9 velice p\u0159\u00e1telsk\u00fd. Tak\u017ee vyhled\u00e1v\u00e1m opravdu milou spole\u010dnost lid\u00ed. A abych se p\u0159iznala a tak\u00e9 pochlubila, tak m\u00e1m opravdu mnoho skv\u011bl\u00fdch p\u0159\u00e1tel. Nav\u00edc m\u00e1m tak\u00e9 rodinu, se kterou si velice moc dob\u0159e rozum\u00edm. A jsem tak\u00e9 r\u00e1da, \u017ee takovou rodinu m\u00e1m. A nap\u0159\u00edklad opravdu t\u0159eba nech\u00e1pu sv\u00e9 sousedy. Sice tam jsou man\u017eel\u00e9, kte\u0159\u00ed se jist\u011b moc miluji, proto\u017ee l\u00e1ska proch\u00e1z\u00ed \u017ealudkem. Takhle to \u0159\u00edk\u00e1 moje sousedka, proto\u017ee ona je moc dobr\u00e1 kucha\u0159ka, kter\u00e1 moc r\u00e1da vyva\u0159\u00ed sv\u00e9mu man\u017eelovi. Tady to tak plat\u00ed, \u017ee l\u00e1ska proch\u00e1z\u00ed u nich \u017ealudkem, ale u n\u00e1s tohle tak nen\u00ed. Tak\u00e9 m\u011b ale zase zar\u00e1\u017e\u00ed na sousedov\u011b rodin\u011b to, \u017ee oni dva se st\u00e1le jenom h\u00e1daj\u00ed. A opravdu snad nen\u00ed jedin\u00fd t\u00fdden, \u017ee by se alespo\u0148 dva dny v t\u00fddnu neh\u00e1dali. Copak tohle je l\u00e1ska? Musela jsem se potom zeptat sv\u00e9 maminky, pro\u010d se takhle lid\u00e9 st\u00e1le h\u00e1daj\u00ed. A ona mi \u0159ekla, \u017ee ti dva zamilovan\u00ed lid\u00e9 jsou asi oba dva cholerici. A \u017ee n\u011bkdy je h\u00e1dka pot\u0159eba, co\u017e m\u011b dost zasko\u010dilo. H\u00e1dky jsou opravdu nutn\u00e9, kdy\u017e jste zamilovan\u00ed?\u00a0 Pr\u00fd kdy\u017e lid\u00e9 se h\u00e1daj\u00ed, tak se alespo\u0148 vy\u010dist\u00ed vzduch, \u017ee alespo\u0148 \u010dlov\u011bk nebude potom nerv\u00f3zn\u00ed, proto\u017ee pr\u00fd je to velice nezdrav\u00e9, kdy\u017e \u010dlov\u011bk v sob\u011b dr\u017e\u00ed hn\u011bv a nervozitu. Tak\u017ee pr\u00fd je nejlep\u0161\u00ed, kdy\u017e se \u010dlov\u011bk nap\u0159\u00edklad vy\u0159ve anebo zanad\u00e1v\u00e1 si. Ale v\u017edy je nejlep\u0161\u00ed, kdy\u017e se\u00a0dva lid\u00e9 miluj\u00ed a neh\u00e1daj\u00ed se, \u017ee ano? Mysl\u00edm si, \u017ee tohle asi je pravda. nav\u00edc tady jde sice o to, \u017ee \u010dlov\u011bk se t\u0159eba na\u0161tve a nad\u00e1v\u00e1. Ale to p\u0159eci neznamen\u00e1, \u017ee potom nec\u00edt\u00ed l\u00e1sku a nemiluje. J\u00e1 kolikr\u00e1t jsem taky na\u0161tvan\u00e1, ale ned\u00e1v\u00e1m to najevo. I kdy\u017e sv\u00e9ho p\u0159\u00edtele velice miluji, tak velk\u00e9 city si nech\u00e1v\u00e1m pro sebe. A jak d\u00e1v\u00e1te l\u00e1sku najevo vy? Nebo si tak\u00e9 nech\u00e1v\u00e1te svoje city pro sebe nebo sv\u00e9 city vyjad\u0159ujete jen v\u00fdjime\u010dn\u011b a v soukrom\u00ed?\u00a0 4.4\/5 - (9 votes)","datePublished":"2023-01-10","dateModified":"2023-05-18","author":{"@type":"Person","@id":"https:\/\/www.adzp.cz\/author\/devene\/#Person","name":"devene","url":"https:\/\/www.adzp.cz\/author\/devene\/","identifier":1,"image":{"@type":"ImageObject","@id":"https:\/\/secure.gravatar.com\/avatar\/d61351daa6b4b113e92ed2d39ca84063b8a3419e3b611b82557c5b9e6ade1cef?s=96&d=mm&r=g","url":"https:\/\/secure.gravatar.com\/avatar\/d61351daa6b4b113e92ed2d39ca84063b8a3419e3b611b82557c5b9e6ade1cef?s=96&d=mm&r=g","height":96,"width":96}},"publisher":{"@type":"Organization","name":"adzp.cz","logo":{"@type":"ImageObject","@id":"\/logo.png","url":"\/logo.png","width":600,"height":60}},"image":{"@type":"ImageObject","@id":"https:\/\/www.adzp.cz\/wp-content\/uploads\/heart-700141_960_720_3.jpg","url":"https:\/\/www.adzp.cz\/wp-content\/uploads\/heart-700141_960_720_3.jpg","height":0,"width":0},"url":"https:\/\/www.adzp.cz\/laska-a-clovek\/","about":["L\u00e1ska"],"wordCount":440,"articleBody":"Mysl\u00edm si, \u017ee l\u00e1ska prov\u00e1z\u00ed opravdu ka\u017ed\u00e9ho \u010dlov\u011bka. Kdyby to v\u0161echno z\u00e1le\u017eelo jenom na m\u011b, tak j\u00e1 bych m\u011bla opravdu r\u00e1da v\u0161echny lidi kolem sebe. Proto\u017ee jsem stra\u0161n\u011b flegmatick\u00e1 a jsem hodn\u011b m\u00edrumilovn\u00fd \u010dlov\u011bk a tak\u00e9 velice p\u0159\u00e1telsk\u00fd. Tak\u017ee vyhled\u00e1v\u00e1m opravdu milou spole\u010dnost lid\u00ed. A abych se p\u0159iznala a tak\u00e9 pochlubila, tak m\u00e1m opravdu mnoho skv\u011bl\u00fdch p\u0159\u00e1tel. Nav\u00edc m\u00e1m tak\u00e9 rodinu, se kterou si velice moc dob\u0159e rozum\u00edm. A jsem tak\u00e9 r\u00e1da, \u017ee takovou rodinu m\u00e1m. A nap\u0159\u00edklad opravdu t\u0159eba nech\u00e1pu sv\u00e9 sousedy. Sice tam jsou man\u017eel\u00e9, kte\u0159\u00ed se jist\u011b moc miluji, proto\u017ee l\u00e1ska proch\u00e1z\u00ed \u017ealudkem.Takhle to \u0159\u00edk\u00e1 moje sousedka, proto\u017ee ona je moc dobr\u00e1 kucha\u0159ka, kter\u00e1 moc r\u00e1da vyva\u0159\u00ed sv\u00e9mu man\u017eelovi. Tady to tak plat\u00ed, \u017ee l\u00e1ska proch\u00e1z\u00ed u nich \u017ealudkem, ale u n\u00e1s tohle tak nen\u00ed. Tak\u00e9 m\u011b ale zase zar\u00e1\u017e\u00ed na sousedov\u011b rodin\u011b to, \u017ee oni dva se st\u00e1le jenom h\u00e1daj\u00ed. A opravdu snad nen\u00ed jedin\u00fd t\u00fdden, \u017ee by se alespo\u0148 dva dny v t\u00fddnu neh\u00e1dali. Copak tohle je l\u00e1ska? Musela jsem se potom zeptat sv\u00e9 maminky, pro\u010d se takhle lid\u00e9 st\u00e1le h\u00e1daj\u00ed. A ona mi \u0159ekla, \u017ee ti dva zamilovan\u00ed lid\u00e9 jsou asi oba dva cholerici. A \u017ee n\u011bkdy je h\u00e1dka pot\u0159eba, co\u017e m\u011b dost zasko\u010dilo. H\u00e1dky jsou opravdu nutn\u00e9, kdy\u017e jste zamilovan\u00ed?\u00a0Pr\u00fd kdy\u017e lid\u00e9 se h\u00e1daj\u00ed, tak se alespo\u0148 vy\u010dist\u00ed vzduch, \u017ee alespo\u0148 \u010dlov\u011bk nebude potom nerv\u00f3zn\u00ed, proto\u017ee pr\u00fd je to velice nezdrav\u00e9, kdy\u017e \u010dlov\u011bk v sob\u011b dr\u017e\u00ed hn\u011bv a nervozitu. Tak\u017ee pr\u00fd je nejlep\u0161\u00ed, kdy\u017e se \u010dlov\u011bk nap\u0159\u00edklad vy\u0159ve anebo zanad\u00e1v\u00e1 si. Ale v\u017edy je nejlep\u0161\u00ed, kdy\u017e se\u00a0dva lid\u00e9 miluj\u00ed a neh\u00e1daj\u00ed se, \u017ee ano? Mysl\u00edm si, \u017ee tohle asi je pravda. nav\u00edc tady jde sice o to, \u017ee \u010dlov\u011bk se t\u0159eba na\u0161tve a nad\u00e1v\u00e1. Ale to p\u0159eci neznamen\u00e1, \u017ee potom nec\u00edt\u00ed l\u00e1sku a nemiluje. J\u00e1 kolikr\u00e1t jsem taky na\u0161tvan\u00e1, ale ned\u00e1v\u00e1m to najevo. I kdy\u017e sv\u00e9ho p\u0159\u00edtele velice miluji, tak velk\u00e9 city si nech\u00e1v\u00e1m pro sebe. A jak d\u00e1v\u00e1te l\u00e1sku najevo vy? Nebo si tak\u00e9 nech\u00e1v\u00e1te svoje city pro sebe nebo sv\u00e9 city vyjad\u0159ujete jen v\u00fdjime\u010dn\u011b a v soukrom\u00ed?\u00a0                                                                                                                                                                                                                                                                                                                                                                                        4.4\/5 - (9 votes)        "},{"@context":"https:\/\/schema.org\/","@type":"BreadcrumbList","itemListElement":[{"@type":"ListItem","position":1,"name":"L\u00e1ska a \u010dlov\u011bk","item":"https:\/\/www.adzp.cz\/laska-a-clovek\/#breadcrumbitem"}]}]