[{"@context":"https:\/\/schema.org\/","@type":"Article","@id":"https:\/\/www.adzp.cz\/jak-mit-opticky-vetsi-interier\/#Article","mainEntityOfPage":"https:\/\/www.adzp.cz\/jak-mit-opticky-vetsi-interier\/","headline":"Jak m\u00edt opticky v\u011bt\u0161\u00ed interi\u00e9r?","name":"Jak m\u00edt opticky v\u011bt\u0161\u00ed interi\u00e9r?","description":"Stav\u011bt d\u016fm nen\u00ed nic jednoduch\u00e9ho, obzvl\u00e1\u0161\u0165 p\u0159ed, kdy mus\u00edte konzultovat n\u00e1vrhy domu a mus\u00edte v\u0161e dokonale navrhnout s pomoc\u00ed projektanta, n\u011bkte\u0159\u00ed lid\u00e9 si to tak\u00e9 navrhuj\u00ed pom\u011brn\u011b sami v r\u00e1mci mo\u017enost\u00ed, a to rozhodn\u011b nen\u00ed nic jednoduch\u00e9ho. Pokud toto zvl\u00e1dnete bez n\u011bjak\u00e9ho zhroucen\u00ed, jste jedni\u010dky! Ov\u0161em p\u0159i takov\u00e9m navrhov\u00e1n\u00ed domu mus\u00ed padnout na to, abyste si d\u016fm a interi\u00e9r za\u0159izovali s rozvahou a abyste mysleli i na to, \u017ee chcete m\u00edt v\u00e1\u0161 interi\u00e9r opticky v\u011bt\u0161\u00ed. To je velmi d\u016fle\u017eit\u00e9 proto, aby prostor nep\u016fsobil st\u00edsn\u011bn\u011b, aby bylo v\u0161e ulo\u017eeno tam, kde to m\u00e1 b\u00fdt a aby zkr\u00e1tka nebylo v m\u00edstnostech nic nav\u00edc, co tam nepat\u0159\u00ed. V\u011b\u0159te, \u017ee pokud tam bude n\u011bco nav\u00edc, tak to pozn\u00e1te a nebudete se v m\u00edstnosti c\u00edtit dob\u0159e. To je pravidlem, tak\u017ee byste si m\u011bli d\u00e1vat pozor na to, co v\u0161e v m\u00edstnosti chcete a p\u0159em\u00fd\u0161let u\u017e jak se d\u011bl\u00e1 teprve projekt. Pak p\u0159i za\u0159izov\u00e1n\u00ed u\u017e m\u016f\u017ee b\u00fdt jednodu\u0161e pozd\u011b. Kdy\u017e se ale vr\u00e1t\u00edme zp\u011bt k tomu, aby vypadal prostor co nejv\u011bt\u0161\u00ed a aby zkr\u00e1tka vypadal vzdu\u0161n\u011b, je t\u0159eba se \u0159\u00eddit n\u011bkolika radami. Pokud m\u00e1te mo\u017enost, p\u0159idejte si do domu co nejv\u00edce oken, jednak u\u0161et\u0159\u00edte za energii, proto\u017ee budete m\u00edt v\u0161ude ve sv\u00e9m dom\u011b sv\u011btlo, jednak jednodu\u0161e bude prostor p\u016fsobit opticky v\u011bt\u0161\u00ed a bude v\u00e1m p\u0159ipadat, \u017ee je to velk\u00e1 m\u00edstnost. Takto p\u016fsob\u00ed okna a pokud je n\u011bjak\u00e1 hlavn\u00ed v\u011bc, kter\u00e9 byste se m\u011bli dr\u017eet pro to, aby v\u00e1\u0161 prostor vypadal v\u011bt\u0161\u00ed, tak to jsou jednozna\u010dn\u011b okna, to si pi\u0161te. Dejte si okna v\u0161ude, by\u0165 to bude st\u00e1t pen\u00edze, ale rad\u011bji do toho ty pen\u00edze investujte, proto\u017ee ony se v\u00e1m vr\u00e1t\u00ed \u010dasem zp\u011bt, a\u017e nebudete muset tak sv\u00edtit sv\u011btly. Dal\u0161\u00ed v\u011bc\u00ed, na kterou byste m\u011bli br\u00e1t ohled jsou krom\u011b oken tak\u00e9 dve\u0159e, kter\u00e9 budete vyb\u00edrat sice a\u017e nakonec, ale dve\u0159e vyb\u00edrejte takov\u00e9, kter\u00e9 propou\u0161t\u00ed sv\u011btlo, a\u0165 m\u00e1te zase co nejv\u00edce sv\u011btla v pokoji. Mimo to se zam\u011b\u0159te tak\u00e9 na samonosn\u00e9 schodi\u0161t\u011b, je to rozhodn\u011b lep\u0161\u00ed ne\u017e zd\u011bn\u00e9, proto\u017ee prostor pod schodi\u0161t\u011bm m\u016f\u017eete jednak n\u011bjak vyu\u017e\u00edt, jednak to bude op\u011bt vypadat, \u017ee je prostor v\u011bt\u0161\u00ed. 4.3\/5 - (6 votes)","datePublished":"2023-04-29","dateModified":"2023-05-31","author":{"@type":"Person","@id":"https:\/\/www.adzp.cz\/author\/devene\/#Person","name":"devene","url":"https:\/\/www.adzp.cz\/author\/devene\/","identifier":1,"image":{"@type":"ImageObject","@id":"https:\/\/secure.gravatar.com\/avatar\/d61351daa6b4b113e92ed2d39ca84063b8a3419e3b611b82557c5b9e6ade1cef?s=96&d=mm&r=g","url":"https:\/\/secure.gravatar.com\/avatar\/d61351daa6b4b113e92ed2d39ca84063b8a3419e3b611b82557c5b9e6ade1cef?s=96&d=mm&r=g","height":96,"width":96}},"publisher":{"@type":"Organization","name":"adzp.cz","logo":{"@type":"ImageObject","@id":"\/logo.png","url":"\/logo.png","width":600,"height":60}},"image":{"@type":"ImageObject","@id":"https:\/\/www.adzp.cz\/wp-content\/uploads\/staircase-5001021_640.jpg","url":"https:\/\/www.adzp.cz\/wp-content\/uploads\/staircase-5001021_640.jpg","height":0,"width":0},"url":"https:\/\/www.adzp.cz\/jak-mit-opticky-vetsi-interier\/","about":["Nakupov\u00e1n\u00ed"],"wordCount":465,"articleBody":"   Stav\u011bt d\u016fm nen\u00ed nic jednoduch\u00e9ho, obzvl\u00e1\u0161\u0165 p\u0159ed, kdy mus\u00edte konzultovat n\u00e1vrhy domu a mus\u00edte v\u0161e dokonale navrhnout s pomoc\u00ed projektanta, n\u011bkte\u0159\u00ed lid\u00e9 si to tak\u00e9 navrhuj\u00ed pom\u011brn\u011b sami v r\u00e1mci mo\u017enost\u00ed, a to rozhodn\u011b nen\u00ed nic jednoduch\u00e9ho. Pokud toto zvl\u00e1dnete bez n\u011bjak\u00e9ho zhroucen\u00ed, jste jedni\u010dky! Ov\u0161em p\u0159i takov\u00e9m navrhov\u00e1n\u00ed domu mus\u00ed padnout na to, abyste si d\u016fm a interi\u00e9r za\u0159izovali s rozvahou a abyste mysleli i na to, \u017ee chcete m\u00edt v\u00e1\u0161 interi\u00e9r opticky v\u011bt\u0161\u00ed. To je velmi d\u016fle\u017eit\u00e9 proto, aby prostor nep\u016fsobil st\u00edsn\u011bn\u011b, aby bylo v\u0161e ulo\u017eeno tam, kde to m\u00e1 b\u00fdt a aby zkr\u00e1tka nebylo v m\u00edstnostech nic nav\u00edc, co tam nepat\u0159\u00ed. V\u011b\u0159te, \u017ee pokud tam bude n\u011bco nav\u00edc, tak to pozn\u00e1te a nebudete se v m\u00edstnosti c\u00edtit dob\u0159e. To je pravidlem, tak\u017ee byste si m\u011bli d\u00e1vat pozor na to, co v\u0161e v m\u00edstnosti chcete a p\u0159em\u00fd\u0161let u\u017e jak se d\u011bl\u00e1 teprve projekt. Pak p\u0159i za\u0159izov\u00e1n\u00ed u\u017e m\u016f\u017ee b\u00fdt jednodu\u0161e pozd\u011b. Kdy\u017e se ale vr\u00e1t\u00edme zp\u011bt k tomu, aby vypadal prostor co nejv\u011bt\u0161\u00ed a aby zkr\u00e1tka vypadal vzdu\u0161n\u011b, je t\u0159eba se \u0159\u00eddit n\u011bkolika radami. Pokud m\u00e1te mo\u017enost, p\u0159idejte si do domu co nejv\u00edce oken, jednak u\u0161et\u0159\u00edte za energii, proto\u017ee budete m\u00edt v\u0161ude ve sv\u00e9m dom\u011b sv\u011btlo, jednak jednodu\u0161e bude prostor p\u016fsobit opticky v\u011bt\u0161\u00ed a bude v\u00e1m p\u0159ipadat, \u017ee je to velk\u00e1 m\u00edstnost. Takto p\u016fsob\u00ed okna a pokud je n\u011bjak\u00e1 hlavn\u00ed v\u011bc, kter\u00e9 byste se m\u011bli dr\u017eet pro to, aby v\u00e1\u0161 prostor vypadal v\u011bt\u0161\u00ed, tak to jsou jednozna\u010dn\u011b okna, to si pi\u0161te. Dejte si okna v\u0161ude, by\u0165 to bude st\u00e1t pen\u00edze, ale rad\u011bji do toho ty pen\u00edze investujte, proto\u017ee ony se v\u00e1m vr\u00e1t\u00ed \u010dasem zp\u011bt, a\u017e nebudete muset tak sv\u00edtit sv\u011btly. Dal\u0161\u00ed v\u011bc\u00ed, na kterou byste m\u011bli br\u00e1t ohled jsou krom\u011b oken tak\u00e9 dve\u0159e, kter\u00e9 budete vyb\u00edrat sice a\u017e nakonec, ale dve\u0159e vyb\u00edrejte takov\u00e9, kter\u00e9 propou\u0161t\u00ed sv\u011btlo, a\u0165 m\u00e1te zase co nejv\u00edce sv\u011btla v pokoji. Mimo to se zam\u011b\u0159te tak\u00e9 na samonosn\u00e9 schodi\u0161t\u011b, je to rozhodn\u011b lep\u0161\u00ed ne\u017e zd\u011bn\u00e9, proto\u017ee prostor pod schodi\u0161t\u011bm m\u016f\u017eete jednak n\u011bjak vyu\u017e\u00edt, jednak to bude op\u011bt vypadat, \u017ee je prostor v\u011bt\u0161\u00ed.                                                                                                                                                                                                                                                                                                                                                                                          4.3\/5 - (6 votes)        "},{"@context":"https:\/\/schema.org\/","@type":"BreadcrumbList","itemListElement":[{"@type":"ListItem","position":1,"name":"Jak m\u00edt opticky v\u011bt\u0161\u00ed interi\u00e9r?","item":"https:\/\/www.adzp.cz\/jak-mit-opticky-vetsi-interier\/#breadcrumbitem"}]}]